{"id":4441,"date":"2021-12-17T14:31:18","date_gmt":"2021-12-17T14:31:18","guid":{"rendered":"https:\/\/patronesdecabotaje.org.ar\/?p=4441"},"modified":"2021-12-17T14:31:18","modified_gmt":"2021-12-17T14:31:18","slug":"reconocimiento-sindical","status":"publish","type":"post","link":"https:\/\/patronesdecabotaje.org.ar\/noticias\/2021\/12\/17\/reconocimiento-sindical\/","title":{"rendered":"RECONOCIMIENTO SINDICAL"},"content":{"rendered":"<p><strong><em>Gracias\u00a0<\/em><\/strong><a href=\"https:\/\/www.instagram.com\/somu_sindicato_maritimo\/\"><strong><em>@somu_sindicato_maritimo<\/em><\/strong><\/a><\/p>\n<p><strong>\u00a1Felices por el reconocimiento para Hernandarias!<\/strong><\/p>\n<p>El 16 de noviembre,\u00a0 Diego Barrera, nuestro delegado de Hernandarias, junto a Alejandro Montiel, delegado de Paran\u00e1 y Nelson Jotensky, jubilado Oficial Fluvial y Capit\u00e1n de Pesca, afiliado de la ciudad de Hernandarias y gran colaborador de nuestro centro, recibieron una placa recordatoria por la inauguraci\u00f3n de nuestra sede Sindical y de OSPatrones de Hernandarias.<\/p>\n<p><strong>El galard\u00f3n fue otorgado por parte del Secretario General del S.O.M.U Ra\u00fal \u00abRuli\u00bb Durdos, Hern\u00e1n de Corte (Secretario de San Fernando) y Pedro Suarez (Pro Secretario de San Fernando).<br \/>\n<\/strong><\/p>\n<p><strong>Este gesto se dio en el contexto de la presencia de los compa\u00f1eros delegados de nuestro Centro en Estuvimos presente en la presentaci\u00f3n del proyecto de la sede Obra Social y Sindical del Somu, junto al intendente de Hernandarias Carlos Lencina.<\/strong><\/p>\n<p>La uni\u00f3n de los trabajadores nos hace m\u00e1s fuertes d\u00eda a d\u00eda. Gracias compa\u00f1eros del SOMU por este presente. Siempre juntos en la Lucha<\/p>\n<p><a href=\"https:\/\/www.instagram.com\/explore\/tags\/somospatrones\/\"><strong><em>#SomosPatrones<\/em><\/strong><\/a><strong><em>\u00a0<\/em><\/strong><a href=\"https:\/\/www.instagram.com\/explore\/tags\/tenemosfuturo\/\"><strong><em>#TenemosFuturo<\/em><\/strong><\/a><\/p>\n","protected":false},"excerpt":{"rendered":"<p>Gracias\u00a0@somu_sindicato_maritimo \u00a1Felices por el reconocimiento para Hernandarias! El 16 de noviembre,\u00a0 Diego Barrera, nuestro delegado de Hernandarias, junto a Alejandro Montiel, delegado de Paran\u00e1 y Nelson Jotensky, jubilado Oficial Fluvial&hellip; <\/p>\n","protected":false},"author":1,"featured_media":0,"comment_status":"closed","ping_status":"closed","sticky":false,"template":"","format":"standard","meta":{"footnotes":""},"categories":[2],"tags":[],"class_list":["post-4441","post","type-post","status-publish","format-standard","hentry","category-noticias"],"_links":{"self":[{"href":"https:\/\/patronesdecabotaje.org.ar\/noticias\/wp-json\/wp\/v2\/posts\/4441","targetHints":{"allow":["GET"]}}],"collection":[{"href":"https:\/\/patronesdecabotaje.org.ar\/noticias\/wp-json\/wp\/v2\/posts"}],"about":[{"href":"https:\/\/patronesdecabotaje.org.ar\/noticias\/wp-json\/wp\/v2\/types\/post"}],"author":[{"embeddable":true,"href":"https:\/\/patronesdecabotaje.org.ar\/noticias\/wp-json\/wp\/v2\/users\/1"}],"replies":[{"embeddable":true,"href":"https:\/\/patronesdecabotaje.org.ar\/noticias\/wp-json\/wp\/v2\/comments?post=4441"}],"version-history":[{"count":0,"href":"https:\/\/patronesdecabotaje.org.ar\/noticias\/wp-json\/wp\/v2\/posts\/4441\/revisions"}],"wp:attachment":[{"href":"https:\/\/patronesdecabotaje.org.ar\/noticias\/wp-json\/wp\/v2\/media?parent=4441"}],"wp:term":[{"taxonomy":"category","embeddable":true,"href":"https:\/\/patronesdecabotaje.org.ar\/noticias\/wp-json\/wp\/v2\/categories?post=4441"},{"taxonomy":"post_tag","embeddable":true,"href":"https:\/\/patronesdecabotaje.org.ar\/noticias\/wp-json\/wp\/v2\/tags?post=4441"}],"curies":[{"name":"wp","href":"https:\/\/api.w.org\/{rel}","templated":true}]}}