{"id":4461,"date":"2022-02-03T14:33:33","date_gmt":"2022-02-03T14:33:33","guid":{"rendered":"https:\/\/patronesdecabotaje.org.ar\/?p=4461"},"modified":"2023-06-07T21:09:02","modified_gmt":"2023-06-07T21:09:02","slug":"ospatrones-inauguro-nueva-sede-en-campana","status":"publish","type":"post","link":"https:\/\/patronesdecabotaje.org.ar\/noticias\/2022\/02\/03\/ospatrones-inauguro-nueva-sede-en-campana\/","title":{"rendered":"OSPATRONES INAUGUR\u00d3 NUEVA SEDE EN CAMPANA"},"content":{"rendered":"<p><em>Con presencia de numerosas autoridades y representantes del sector naviero y portuario, el<\/em><br>\n<em>secretario general del Centro de Patrones, Julio Gonz\u00e1lez Insfr\u00e1n, realiz\u00f3 el lunes el corte de<\/em><br>\n<em>cintas de una nueva y moderna sede de la obra social sindical, que se ha convertido en una de<\/em><br>\n<em>las m\u00e1s importantes del pa\u00eds<\/em><\/p>\n<p>Campana, Prov. de Buenos Aires, 25 de enero de 2022.- OSPatrones, la obra social sindical del<br>\nCentro de Patrones y Oficiales Fluviales, de Pesca y de Cabotaje Mar\u00edtimo de la Rep\u00fablica<br>\nArgentina, inaugur\u00f3 ayer una nueva sede en la localidad de Campana, con la presencia, entre<br>\notros, del intendente municipal, Sebasti\u00e1n Abella; el prefecto principal Enrique Franco; el jefe<br>\nde la Aduana, Julio C\u00e9sar Miro; el padre Fernando Crevat\u00edn, quien bendijo las nuevas<br>\ninstalaciones, y, por supuesto, el secretario general del Centro de Patrones, capit\u00e1n Julio<br>\nGonz\u00e1lez Insfr\u00e1n, quien realiz\u00f3 el corte de cinta, as\u00ed como delegados y autoridades del sindicato<br>\ny su obra social.<\/p>\n<p>Tambi\u00e9n asistieron a la inauguraci\u00f3n Nicol\u00e1s P\u00e9rez, gerente de la compa\u00f1\u00eda Nabsa; Claudio<br>\nRivara, de Ambiental Campa\u00f1a S. A.; Jos\u00e9 Santiago Ben\u00edtez, de Aduana Euroam\u00e9rica, marcelo<br>\nP\u00e9rez, de Axion; Walter Carmona, de Tango Supplier, y representantes de Piapsa, Energy Supply<br>\ny dem\u00e1s empresas del sector con fuerte presencia en la actividad naviera y portuaria, as\u00ed como<br>\nperiodistas de varios medios.<\/p>\n<p>La apertura del nuevo local, ubicado en Alem 696 de la ciudad cabecera del partido, fue decidida<br>\nen funci\u00f3n de la creciente demanda debida al crecimiento del volumen de afiliados genuinos de<br>\nla Obra Social en este importante enclave portuario y su \u00e1rea de influencia, que abarca adem\u00e1s<br>\nZ\u00e1rate y Escobar, a fin de brindarle a su gente un lugar f\u00edsico donde realizar los tr\u00e1mites que<br>\nrequieran presencialidad y presentaci\u00f3n de documentaci\u00f3n original o estudios de alta<br>\ncomplejidad. Esta presencia local, informaron en OSPatrones, tambi\u00e9n favorece la gesti\u00f3n y el<br>\ntrato con los prestadores de servicios de salud a nivel local.<\/p>\n<p>Esta inauguraci\u00f3n es, asimismo, parte de un plan de crecimiento y desarrollo sostenido que esta<br>\nobra social \u2013conocida hasta 2019 como OSPACARP\u2013 viene llevando a cabo durante la gesti\u00f3n de<br>\nGonz\u00e1lez Insfr\u00e1n al frente del Centro de Patrones, para optimizar la calidad de las prestaciones<br>\ny el servicio a los afiliados genuinos y sus familias, y estar cada vez m\u00e1s cerca de su gente.<\/p>\n<p>Por la calidad de sus servicios, OSpatrones, que durante este per\u00edodo ha inaugurado sedes a lo<br>\nlargo y a lo acho de todo el pa\u00eds, ha incrementado dr\u00e1sticamente su n\u00f3mina de afiliados incluso<br>\nen regiones alejadas de la actividad naviera. Y ha organizado una serie de importantes simposios<br>\nsobre salud en la Academia Nacional de Medicina y c\u00edrculos m\u00e9dicos locales.<\/p>\n\n\n<figure class=\"wp-block-image size-full\"><img loading=\"lazy\" decoding=\"async\" width=\"980\" height=\"551\" src=\"https:\/\/patronesdecabotaje.org.ar\/noticias\/wp-content\/uploads\/2023\/06\/nueva-sede-en-campana-980x551-1.jpeg\" alt=\"\" class=\"wp-image-4480\" srcset=\"https:\/\/patronesdecabotaje.org.ar\/noticias\/wp-content\/uploads\/2023\/06\/nueva-sede-en-campana-980x551-1.jpeg 980w, https:\/\/patronesdecabotaje.org.ar\/noticias\/wp-content\/uploads\/2023\/06\/nueva-sede-en-campana-980x551-1-300x169.jpeg 300w, https:\/\/patronesdecabotaje.org.ar\/noticias\/wp-content\/uploads\/2023\/06\/nueva-sede-en-campana-980x551-1-768x432.jpeg 768w\" sizes=\"auto, (max-width: 980px) 100vw, 980px\" \/><\/figure>\n","protected":false},"excerpt":{"rendered":"<p>Con presencia de numerosas autoridades y representantes del sector naviero y portuario, el secretario general del Centro de Patrones, Julio Gonz\u00e1lez Insfr\u00e1n, realiz\u00f3 el lunes el corte de cintas de&hellip; <\/p>\n","protected":false},"author":1,"featured_media":4479,"comment_status":"closed","ping_status":"closed","sticky":false,"template":"","format":"standard","meta":{"footnotes":""},"categories":[2],"tags":[],"class_list":["post-4461","post","type-post","status-publish","format-standard","has-post-thumbnail","hentry","category-noticias"],"_links":{"self":[{"href":"https:\/\/patronesdecabotaje.org.ar\/noticias\/wp-json\/wp\/v2\/posts\/4461","targetHints":{"allow":["GET"]}}],"collection":[{"href":"https:\/\/patronesdecabotaje.org.ar\/noticias\/wp-json\/wp\/v2\/posts"}],"about":[{"href":"https:\/\/patronesdecabotaje.org.ar\/noticias\/wp-json\/wp\/v2\/types\/post"}],"author":[{"embeddable":true,"href":"https:\/\/patronesdecabotaje.org.ar\/noticias\/wp-json\/wp\/v2\/users\/1"}],"replies":[{"embeddable":true,"href":"https:\/\/patronesdecabotaje.org.ar\/noticias\/wp-json\/wp\/v2\/comments?post=4461"}],"version-history":[{"count":1,"href":"https:\/\/patronesdecabotaje.org.ar\/noticias\/wp-json\/wp\/v2\/posts\/4461\/revisions"}],"predecessor-version":[{"id":4481,"href":"https:\/\/patronesdecabotaje.org.ar\/noticias\/wp-json\/wp\/v2\/posts\/4461\/revisions\/4481"}],"wp:featuredmedia":[{"embeddable":true,"href":"https:\/\/patronesdecabotaje.org.ar\/noticias\/wp-json\/wp\/v2\/media\/4479"}],"wp:attachment":[{"href":"https:\/\/patronesdecabotaje.org.ar\/noticias\/wp-json\/wp\/v2\/media?parent=4461"}],"wp:term":[{"taxonomy":"category","embeddable":true,"href":"https:\/\/patronesdecabotaje.org.ar\/noticias\/wp-json\/wp\/v2\/categories?post=4461"},{"taxonomy":"post_tag","embeddable":true,"href":"https:\/\/patronesdecabotaje.org.ar\/noticias\/wp-json\/wp\/v2\/tags?post=4461"}],"curies":[{"name":"wp","href":"https:\/\/api.w.org\/{rel}","templated":true}]}}