{"id":4681,"date":"2022-07-24T15:36:58","date_gmt":"2022-07-24T15:36:58","guid":{"rendered":"https:\/\/patronesdecabotaje.org.ar\/noticias\/?p=4681"},"modified":"2023-07-25T15:37:47","modified_gmt":"2023-07-25T15:37:47","slug":"ariel-sudan-representara-a-patrones-en-la-mesa-de-trabajo-de-la-regional-de-itf","status":"publish","type":"post","link":"https:\/\/patronesdecabotaje.org.ar\/noticias\/2022\/07\/24\/ariel-sudan-representara-a-patrones-en-la-mesa-de-trabajo-de-la-regional-de-itf\/","title":{"rendered":"Ariel Sud\u00e1n representar\u00e1 a Patrones en la mesa de trabajo de la regional de ITF"},"content":{"rendered":"\n<p>El delegado de Puerto Madryn del Centro de Patrones y Oficiales Fluviales de Pesca y de Cabotaje Mar\u00edtimo, Ariel Sud\u00e1n fue elegido para conformar una mesa de trabajo en el Comit\u00e9 Regional de Navegaci\u00f3n interior de la Federaci\u00f3n Internacional de los Trabajadores del Transporte, con el objetivo de avanzar sobre los puntos dispuestos en la \u00faltima asamblea.<\/p>\n\n\n\n<p>\ud83d\udde3\ufe0fSobre el nuevo desaf\u00edo, el delegado agradeci\u00f3 al secretario general del Centro de Patrones, Mariano Moreno \u00abque me ha encomendado esta tarea qu\u00e9 es una tarea de extrema responsabilidad habida cuenta de los tiempos que se vienen y de las situaciones que venimos padeciendo desde hace bastante tiempo\u00bb.<\/p>\n\n\n\n<p>Consultado sobre c\u00f3mo lo llevar\u00e1 adelante respondi\u00f3 que \u00abcon total dedicaci\u00f3n y esfuerzo. Hemos conformado un grupo para trabajar y lo primero que hicimos es generar un documento contundente que marca con mucha fuerza y con mucha decisi\u00f3n las necesidades del sector\u00bb.<\/p>\n\n\n\n<p>\u00abEn el documento enumeramos 5 puntos pero la realidad es que hoy las multinacionales vienen por los trabajadores, los obreros y para revertir esta situaci\u00f3n tenemos que unirnos, trabajar en conjunto generando pol\u00edticas y sobre todo el compromiso y la tenacidad en el trabajo diario direccionado a qu\u00e9, todos los estamentos gubernamentales o no, se enteren de nuestra posici\u00f3n y de que necesitamos soluciones urgentes\u00bb, detall\u00f3.<\/p>\n\n\n\n<p>Adem\u00e1s Sud\u00e1n agradeci\u00f3 a las autoridades de ITF Edgar D\u00edaz, secretario regional y a Emiliano Addisi, secretario regional adjunto y a los gremios que participaron de la comitiva, debatiendo y tomando decisiones estructurales y de mucha responsabilidad.<\/p>\n\n\n\n<p><a href=\"https:\/\/www.instagram.com\/explore\/tags\/somospatrones\/\">#SomosPatrones<\/a><\/p>\n","protected":false},"excerpt":{"rendered":"<p>El delegado de Puerto Madryn del Centro de Patrones y Oficiales Fluviales de Pesca y de Cabotaje Mar\u00edtimo, Ariel Sud\u00e1n fue elegido para conformar una mesa de trabajo en el&hellip; <\/p>\n","protected":false},"author":2,"featured_media":4682,"comment_status":"open","ping_status":"open","sticky":false,"template":"","format":"standard","meta":{"footnotes":""},"categories":[3],"tags":[],"class_list":["post-4681","post","type-post","status-publish","format-standard","has-post-thumbnail","hentry","category-institucional"],"_links":{"self":[{"href":"https:\/\/patronesdecabotaje.org.ar\/noticias\/wp-json\/wp\/v2\/posts\/4681","targetHints":{"allow":["GET"]}}],"collection":[{"href":"https:\/\/patronesdecabotaje.org.ar\/noticias\/wp-json\/wp\/v2\/posts"}],"about":[{"href":"https:\/\/patronesdecabotaje.org.ar\/noticias\/wp-json\/wp\/v2\/types\/post"}],"author":[{"embeddable":true,"href":"https:\/\/patronesdecabotaje.org.ar\/noticias\/wp-json\/wp\/v2\/users\/2"}],"replies":[{"embeddable":true,"href":"https:\/\/patronesdecabotaje.org.ar\/noticias\/wp-json\/wp\/v2\/comments?post=4681"}],"version-history":[{"count":1,"href":"https:\/\/patronesdecabotaje.org.ar\/noticias\/wp-json\/wp\/v2\/posts\/4681\/revisions"}],"predecessor-version":[{"id":4683,"href":"https:\/\/patronesdecabotaje.org.ar\/noticias\/wp-json\/wp\/v2\/posts\/4681\/revisions\/4683"}],"wp:featuredmedia":[{"embeddable":true,"href":"https:\/\/patronesdecabotaje.org.ar\/noticias\/wp-json\/wp\/v2\/media\/4682"}],"wp:attachment":[{"href":"https:\/\/patronesdecabotaje.org.ar\/noticias\/wp-json\/wp\/v2\/media?parent=4681"}],"wp:term":[{"taxonomy":"category","embeddable":true,"href":"https:\/\/patronesdecabotaje.org.ar\/noticias\/wp-json\/wp\/v2\/categories?post=4681"},{"taxonomy":"post_tag","embeddable":true,"href":"https:\/\/patronesdecabotaje.org.ar\/noticias\/wp-json\/wp\/v2\/tags?post=4681"}],"curies":[{"name":"wp","href":"https:\/\/api.w.org\/{rel}","templated":true}]}}