{"id":4694,"date":"2022-08-13T22:45:04","date_gmt":"2022-08-13T22:45:04","guid":{"rendered":"https:\/\/patronesdecabotaje.org.ar\/noticias\/?p=4694"},"modified":"2023-07-25T22:45:30","modified_gmt":"2023-07-25T22:45:30","slug":"moreno-volvio-a-reclamar-politicas-que-promuevan-el-desarrollo-de-una-marina-mercante-de-bandera-nacional","status":"publish","type":"post","link":"https:\/\/patronesdecabotaje.org.ar\/noticias\/2022\/08\/13\/moreno-volvio-a-reclamar-politicas-que-promuevan-el-desarrollo-de-una-marina-mercante-de-bandera-nacional\/","title":{"rendered":"Moreno volvi\u00f3 a reclamar pol\u00edticas que promuevan el desarrollo de una Marina Mercante de bandera nacional"},"content":{"rendered":"\n<p><img loading=\"lazy\" decoding=\"async\" height=\"16\" width=\"16\" alt=\"\ud83d\udde3\" src=\"https:\/\/static.xx.fbcdn.net\/images\/emoji.php\/v9\/tfb\/1\/16\/1f5e3.png\">\u201cNo vamos a resignarnos a no tener marina mercante en un pa\u00eds con m\u00e1s de 5.000 kil\u00f3metros de litoral mar\u00edtimo y fluvial\u201d, afirm\u00f3 el secretario General del Centro de Patrones.<\/p>\n\n\n\n<p><img loading=\"lazy\" decoding=\"async\" height=\"16\" width=\"16\" alt=\"\u27a1\ufe0f\" src=\"https:\/\/static.xx.fbcdn.net\/images\/emoji.php\/v9\/t9e\/1\/16\/27a1.png\">&nbsp;El secretario General del Centro de Patrones y Oficiales Fluviales, de Pesca y de Cabotaje Mar\u00edtimo, Mariano Moreno, se refiri\u00f3 a la actual situaci\u00f3n que atraviesa el sector de la Marina Mercante y lament\u00f3 la falta de pol\u00edticas p\u00fablicas claras para favorecer el desarrollo de un \u00e1rea estrat\u00e9gica para el pa\u00eds.<\/p>\n\n\n\n<p>Adem\u00e1s, sostuvo que agotar\u00e1n todas las instancias de di\u00e1logo para encontrar respuestas ante las problem\u00e1ticas que vienen planteando, pero no descart\u00f3 avanzar con medidas de fuerza de no encontrar soluciones. En ese sentido, Moreno sostuvo que la situaci\u00f3n del sector es \u201cacuciante\u201d, y remarc\u00f3: \u201cCada vez hay menos barcos, las cosas se complican d\u00eda a d\u00eda y ante la falta de respuestas y pol\u00edticas navieras nuestra situaci\u00f3n es grave y dificultosa\u201d.<\/p>\n\n\n\n<p>El dirigente sindical resalt\u00f3 que las demandas se centran, sobre todo, en reclamar \u201cpol\u00edticas que reviertan esta situaci\u00f3n\u201d, y detall\u00f3: \u201cTenemos problemas con las titulaciones de los compa\u00f1eros embarcados y con la tem\u00e1tica del trabajo. Cada vez hay menos trabajo y las condiciones a veces no son las mejores, se pauperiza el sistema navegatorio y no hay pol\u00edticas claras para un desarrollo de la Marina mercante\u201d.<\/p>\n\n\n\n<p>\u201cNo podemos bajar los brazos y resignar el potencial que tiene tanto el r\u00edo Paran\u00e1, el r\u00edo Uruguay, como el Mar Argentino, con todo su potencial econ\u00f3mico; nos hace imperioso buscar respuestas concretas a la problem\u00e1tica que tenemos. No vamos a resignarnos a no tener marina mercante en un pa\u00eds con m\u00e1s de 5.000 kil\u00f3metros de litoral mar\u00edtimo y fluvial\u201d, sostuvo Moreno.<\/p>\n\n\n\n<p>Si bien reconoci\u00f3 que la comunicaci\u00f3n con las \u00e1reas competentes del gobierno nacional es permanente, se\u00f1al\u00f3 que \u201clamentablemente las respuestas que necesitamos no aparecen\u201d. Y a\u00f1adi\u00f3: \u201cEsta falta de respuestas a veces nos lleva a situaciones de avanzar en conflictos, que podr\u00edan sencillamente resolverse si hubiese pol\u00edticas p\u00fablicas y una bajada de l\u00ednea clara del Poder Ejecutivo\u201d.<\/p>\n\n\n\n<p>\u201cTenemos una filosof\u00eda que es agotar las instancias de di\u00e1logo, la presentaci\u00f3n de los inconvenientes, y hasta arrimar las soluciones que vemos posibles ante estos inconvenientes\u201d, aclar\u00f3 Moreno, aunque destac\u00f3: \u201cPero si no hay respuestas a todo eso, los trabajadores deberemos demostrar el m\u00fasculo y actuar con medidas que no son simp\u00e1ticas, pero lamentablemente si no tenemos respuestas tenemos que utilizar todas las herramientas\u201d.<\/p>\n\n\n\n<p>\u201cSi las herramientas primarias que usamos no dan resultado, tendremos que usar las herramientas tradicionales, que son ni m\u00e1s ni menos las medidas de fuerza y medidas de acci\u00f3n directa para obtener los resultados que necesitamos, para generar condiciones y fuentes de trabajo para los argentinos\u201d, concluy\u00f3 el titular del Centro de Patrones.<\/p>\n\n\n\n<p>#SomosPatrones<\/p>\n\n\n\n<p><\/p>\n","protected":false},"excerpt":{"rendered":"<p>\u201cNo vamos a resignarnos a no tener marina mercante en un pa\u00eds con m\u00e1s de 5.000 kil\u00f3metros de litoral mar\u00edtimo y fluvial\u201d, afirm\u00f3 el secretario General del Centro de Patrones.&hellip; <\/p>\n","protected":false},"author":2,"featured_media":4695,"comment_status":"open","ping_status":"open","sticky":false,"template":"","format":"standard","meta":{"footnotes":""},"categories":[2],"tags":[],"class_list":["post-4694","post","type-post","status-publish","format-standard","has-post-thumbnail","hentry","category-noticias"],"_links":{"self":[{"href":"https:\/\/patronesdecabotaje.org.ar\/noticias\/wp-json\/wp\/v2\/posts\/4694","targetHints":{"allow":["GET"]}}],"collection":[{"href":"https:\/\/patronesdecabotaje.org.ar\/noticias\/wp-json\/wp\/v2\/posts"}],"about":[{"href":"https:\/\/patronesdecabotaje.org.ar\/noticias\/wp-json\/wp\/v2\/types\/post"}],"author":[{"embeddable":true,"href":"https:\/\/patronesdecabotaje.org.ar\/noticias\/wp-json\/wp\/v2\/users\/2"}],"replies":[{"embeddable":true,"href":"https:\/\/patronesdecabotaje.org.ar\/noticias\/wp-json\/wp\/v2\/comments?post=4694"}],"version-history":[{"count":1,"href":"https:\/\/patronesdecabotaje.org.ar\/noticias\/wp-json\/wp\/v2\/posts\/4694\/revisions"}],"predecessor-version":[{"id":4696,"href":"https:\/\/patronesdecabotaje.org.ar\/noticias\/wp-json\/wp\/v2\/posts\/4694\/revisions\/4696"}],"wp:featuredmedia":[{"embeddable":true,"href":"https:\/\/patronesdecabotaje.org.ar\/noticias\/wp-json\/wp\/v2\/media\/4695"}],"wp:attachment":[{"href":"https:\/\/patronesdecabotaje.org.ar\/noticias\/wp-json\/wp\/v2\/media?parent=4694"}],"wp:term":[{"taxonomy":"category","embeddable":true,"href":"https:\/\/patronesdecabotaje.org.ar\/noticias\/wp-json\/wp\/v2\/categories?post=4694"},{"taxonomy":"post_tag","embeddable":true,"href":"https:\/\/patronesdecabotaje.org.ar\/noticias\/wp-json\/wp\/v2\/tags?post=4694"}],"curies":[{"name":"wp","href":"https:\/\/api.w.org\/{rel}","templated":true}]}}