{"id":4803,"date":"2022-11-07T16:39:43","date_gmt":"2022-11-07T16:39:43","guid":{"rendered":"https:\/\/patronesdecabotaje.org.ar\/noticias\/?p=4803"},"modified":"2023-08-01T16:40:26","modified_gmt":"2023-08-01T16:40:26","slug":"importante-reunion-entre-fempinra-y-la-ministra-de-trabajo-raquel-olmos","status":"publish","type":"post","link":"https:\/\/patronesdecabotaje.org.ar\/noticias\/2022\/11\/07\/importante-reunion-entre-fempinra-y-la-ministra-de-trabajo-raquel-olmos\/","title":{"rendered":"Importante reuni\u00f3n entre FeMPINRA y la ministra de trabajo Raquel Olmos"},"content":{"rendered":"\n<p>&nbsp;Los gremios plantearon la problem\u00e1tica que atraviesa el sector, se declar\u00f3 en estado de alerta y le se\u00f1alaron a la Ministra que el tiempo est\u00e1 agotado y de no mediar respuestas, se retomar\u00e1 el conflicto.<\/p>\n\n\n\n<p>Este lunes la Federaci\u00f3n Mar\u00edtima, Portuaria y de la Industria Naval (FeMPINRA) se reuni\u00f3 con la ministra de Trabajo, Raquel Olmos, luego del paro y movilizaci\u00f3n que se realiz\u00f3 el viernes pasado.<\/p>\n\n\n\n<p>Durante el c\u00f3nclave Juan Carlos Schmid (Dragado y Balizamiento), Mariano Moreno (Centro de Patrones), Roberto Coria ( SGyMGM), Ra\u00fal Huerta (AAEMM), Javier L\u00f3pez (SEAMARA), Armando Alessi (SiCoNaRA), Pablo Palacios (URGARA) y Ram\u00f3n G\u00f3mez (SAON) plantearon las problem\u00e1ticas que est\u00e1n atravesando los 3 sectores que componen la Federaci\u00f3n.<\/p>\n\n\n\n<p>Juan Carlos Schmid le enumer\u00f3 a la Ministra cada una de las urgencias que precisa el sector portuario, mar\u00edtimo-fluvial y tambi\u00e9n la industria naval para empezar a combatir la crisis producto de la falta de pol\u00edticas concretas por parte del Estado.<\/p>\n\n\n\n<p><img loading=\"lazy\" decoding=\"async\" height=\"16\" width=\"16\" alt=\"\u27a1\ufe0f\" src=\"https:\/\/static.xx.fbcdn.net\/images\/emoji.php\/v9\/t9e\/1\/16\/27a1.png\">&nbsp;Concesiones del Puerto de Buenos Aires: derogaci\u00f3n del decreto 870\/18 y derogaci\u00f3n del decreto 817\/92<br><img loading=\"lazy\" decoding=\"async\" height=\"16\" width=\"16\" alt=\"\u27a1\ufe0f\" src=\"https:\/\/static.xx.fbcdn.net\/images\/emoji.php\/v9\/t9e\/1\/16\/27a1.png\">&nbsp;Medidas p\u00fablicas concretas para la reglamentaci\u00f3n de la Ley de Marina Mercante 24719. Cumplimiento de la Ley de Cabotaje.<br><img loading=\"lazy\" decoding=\"async\" height=\"16\" width=\"16\" alt=\"\u27a1\ufe0f\" src=\"https:\/\/static.xx.fbcdn.net\/images\/emoji.php\/v9\/t9e\/1\/16\/27a1.png\">&nbsp;Resoluci\u00f3n de la problem\u00e1tica de formaci\u00f3n y titulaci\u00f3n. Incorporaci\u00f3n del sistema fluvio-mar\u00edtimo de carga en los programas de desarrollo del ministerio de Transporte.<br><img loading=\"lazy\" decoding=\"async\" height=\"16\" width=\"16\" alt=\"\u27a1\ufe0f\" src=\"https:\/\/static.xx.fbcdn.net\/images\/emoji.php\/v9\/t9e\/1\/16\/27a1.png\">&nbsp;Restituci\u00f3n de los art\u00edculos 10 y 13 de la Ley 24718 de Promoci\u00f3n de la Industria Naval.<br><img loading=\"lazy\" decoding=\"async\" height=\"16\" width=\"16\" alt=\"\u27a1\ufe0f\" src=\"https:\/\/static.xx.fbcdn.net\/images\/emoji.php\/v9\/t9e\/1\/16\/27a1.png\">&nbsp;Definir la pol\u00edtica operativa en la V\u00eda Navegable Troncal, implementando resoluciones en resguardo del cabotaje nacional y la construcci\u00f3n del canal de Magdalena.<br><img loading=\"lazy\" decoding=\"async\" height=\"16\" width=\"16\" alt=\"\u27a1\ufe0f\" src=\"https:\/\/static.xx.fbcdn.net\/images\/emoji.php\/v9\/t9e\/1\/16\/27a1.png\">&nbsp;Quita del Impuesto a las Ganancias<\/p>\n\n\n\n<p>Ante el pedido de la Federaci\u00f3n, la Ministra tom\u00f3 nota y se comprometi\u00f3 a reunirse con los \u00f3rganos competentes de cada una de las \u00e1reas para empezar a dar soluciones. Igualmente, la Federaci\u00f3n se declar\u00f3 en estado de alerta y le se\u00f1al\u00f3 a la Ministra que el tiempo est\u00e1 agotado y de no mediar respuestas, se retomar\u00e1 el conflicto.<\/p>\n\n\n\n<p>#SomosPatrones <\/p>\n","protected":false},"excerpt":{"rendered":"<p>&nbsp;Los gremios plantearon la problem\u00e1tica que atraviesa el sector, se declar\u00f3 en estado de alerta y le se\u00f1alaron a la Ministra que el tiempo est\u00e1 agotado y de no mediar&hellip; <\/p>\n","protected":false},"author":2,"featured_media":4804,"comment_status":"open","ping_status":"open","sticky":false,"template":"","format":"standard","meta":{"footnotes":""},"categories":[2],"tags":[],"class_list":["post-4803","post","type-post","status-publish","format-standard","has-post-thumbnail","hentry","category-noticias"],"_links":{"self":[{"href":"https:\/\/patronesdecabotaje.org.ar\/noticias\/wp-json\/wp\/v2\/posts\/4803","targetHints":{"allow":["GET"]}}],"collection":[{"href":"https:\/\/patronesdecabotaje.org.ar\/noticias\/wp-json\/wp\/v2\/posts"}],"about":[{"href":"https:\/\/patronesdecabotaje.org.ar\/noticias\/wp-json\/wp\/v2\/types\/post"}],"author":[{"embeddable":true,"href":"https:\/\/patronesdecabotaje.org.ar\/noticias\/wp-json\/wp\/v2\/users\/2"}],"replies":[{"embeddable":true,"href":"https:\/\/patronesdecabotaje.org.ar\/noticias\/wp-json\/wp\/v2\/comments?post=4803"}],"version-history":[{"count":1,"href":"https:\/\/patronesdecabotaje.org.ar\/noticias\/wp-json\/wp\/v2\/posts\/4803\/revisions"}],"predecessor-version":[{"id":4805,"href":"https:\/\/patronesdecabotaje.org.ar\/noticias\/wp-json\/wp\/v2\/posts\/4803\/revisions\/4805"}],"wp:featuredmedia":[{"embeddable":true,"href":"https:\/\/patronesdecabotaje.org.ar\/noticias\/wp-json\/wp\/v2\/media\/4804"}],"wp:attachment":[{"href":"https:\/\/patronesdecabotaje.org.ar\/noticias\/wp-json\/wp\/v2\/media?parent=4803"}],"wp:term":[{"taxonomy":"category","embeddable":true,"href":"https:\/\/patronesdecabotaje.org.ar\/noticias\/wp-json\/wp\/v2\/categories?post=4803"},{"taxonomy":"post_tag","embeddable":true,"href":"https:\/\/patronesdecabotaje.org.ar\/noticias\/wp-json\/wp\/v2\/tags?post=4803"}],"curies":[{"name":"wp","href":"https:\/\/api.w.org\/{rel}","templated":true}]}}