{"id":4806,"date":"2022-11-10T16:45:47","date_gmt":"2022-11-10T16:45:47","guid":{"rendered":"https:\/\/patronesdecabotaje.org.ar\/noticias\/?p=4806"},"modified":"2023-08-01T16:46:47","modified_gmt":"2023-08-01T16:46:47","slug":"importante-reunion-entre-fempinra-y-la-ministra-de-trabajo-raquel-olmos-2","status":"publish","type":"post","link":"https:\/\/patronesdecabotaje.org.ar\/noticias\/2022\/11\/10\/importante-reunion-entre-fempinra-y-la-ministra-de-trabajo-raquel-olmos-2\/","title":{"rendered":"Col\u00f3n eligi\u00f3 delegado: Celso Gable formaliz\u00f3 con el apoyo de sus compa\u00f1eros"},"content":{"rendered":"\n<p>El pasado viernes la delegaci\u00f3n de Col\u00f3n del Centro de Patrones y Oficiales Fluviales de Pesca y de Cabotaje Mar\u00edtimo eligi\u00f3 a Celso Gable como delegado local.<\/p>\n\n\n\n<p>Con la presencia del secretario general Capit\u00e1n Mariano Moreno, el secretario de actas, Walter Ram\u00edrez, el secretario de interior Alberto Maldonado e integrantes de Comisi\u00f3n Directiva se realiz\u00f3 la asamblea y elecci\u00f3n democr\u00e1tica del cargo para la delegaci\u00f3n.<\/p>\n\n\n\n<p>En ese sentido, Celso agradeci\u00f3 a los compa\u00f1eros que confiaron su apoyo para representarlos y el apoyo de la Comisi\u00f3n Directiva nacional, como as\u00ed tambi\u00e9n al delegado saliente \u201cque fue qui\u00e9n me postul\u00f3 para competir por el cargo\u201d.<\/p>\n\n\n\n<p>\u201cHace dos a\u00f1os que vengo aprendiendo sobre la gesti\u00f3n de la delegaci\u00f3n local y me comprometo a cumplir con el mayor de las responsabilidad esta tarea\u201d, dijo Celso.<\/p>\n\n\n\n<p>\u201cInvito a todos los compa\u00f1eros a venir a la delegaci\u00f3n, a consultar, a trabajar en junto en las necesidades y problem\u00e1ticas de nuestro sector. Las puertas siempre estar\u00e1n abiertas\u201d<\/p>\n","protected":false},"excerpt":{"rendered":"<p>El pasado viernes la delegaci\u00f3n de Col\u00f3n del Centro de Patrones y Oficiales Fluviales de Pesca y de Cabotaje Mar\u00edtimo eligi\u00f3 a Celso Gable como delegado local. Con la presencia&hellip; <\/p>\n","protected":false},"author":2,"featured_media":4807,"comment_status":"open","ping_status":"open","sticky":false,"template":"","format":"standard","meta":{"footnotes":""},"categories":[2],"tags":[],"class_list":["post-4806","post","type-post","status-publish","format-standard","has-post-thumbnail","hentry","category-noticias"],"_links":{"self":[{"href":"https:\/\/patronesdecabotaje.org.ar\/noticias\/wp-json\/wp\/v2\/posts\/4806","targetHints":{"allow":["GET"]}}],"collection":[{"href":"https:\/\/patronesdecabotaje.org.ar\/noticias\/wp-json\/wp\/v2\/posts"}],"about":[{"href":"https:\/\/patronesdecabotaje.org.ar\/noticias\/wp-json\/wp\/v2\/types\/post"}],"author":[{"embeddable":true,"href":"https:\/\/patronesdecabotaje.org.ar\/noticias\/wp-json\/wp\/v2\/users\/2"}],"replies":[{"embeddable":true,"href":"https:\/\/patronesdecabotaje.org.ar\/noticias\/wp-json\/wp\/v2\/comments?post=4806"}],"version-history":[{"count":2,"href":"https:\/\/patronesdecabotaje.org.ar\/noticias\/wp-json\/wp\/v2\/posts\/4806\/revisions"}],"predecessor-version":[{"id":4809,"href":"https:\/\/patronesdecabotaje.org.ar\/noticias\/wp-json\/wp\/v2\/posts\/4806\/revisions\/4809"}],"wp:featuredmedia":[{"embeddable":true,"href":"https:\/\/patronesdecabotaje.org.ar\/noticias\/wp-json\/wp\/v2\/media\/4807"}],"wp:attachment":[{"href":"https:\/\/patronesdecabotaje.org.ar\/noticias\/wp-json\/wp\/v2\/media?parent=4806"}],"wp:term":[{"taxonomy":"category","embeddable":true,"href":"https:\/\/patronesdecabotaje.org.ar\/noticias\/wp-json\/wp\/v2\/categories?post=4806"},{"taxonomy":"post_tag","embeddable":true,"href":"https:\/\/patronesdecabotaje.org.ar\/noticias\/wp-json\/wp\/v2\/tags?post=4806"}],"curies":[{"name":"wp","href":"https:\/\/api.w.org\/{rel}","templated":true}]}}