{"id":4897,"date":"2023-02-24T19:54:52","date_gmt":"2023-02-24T19:54:52","guid":{"rendered":"https:\/\/patronesdecabotaje.org.ar\/noticias\/?p=4897"},"modified":"2023-08-01T19:55:06","modified_gmt":"2023-08-01T19:55:06","slug":"arenera-toma-nueva-reconocio-el-reclamo-de-los-trabajadores","status":"publish","type":"post","link":"https:\/\/patronesdecabotaje.org.ar\/noticias\/2023\/02\/24\/arenera-toma-nueva-reconocio-el-reclamo-de-los-trabajadores\/","title":{"rendered":"Arenera Toma Nueva reconoci\u00f3 el reclamo de los trabajadores"},"content":{"rendered":"\n<p>La empresa no volver\u00e1 a restar d\u00edas francos por feriados y se reintegrar\u00e1 los descontados con 2 a\u00f1os de retroactivo.<\/p>\n\n\n\n<p>Luego de seis meses de reclamos, esta tarde se logr\u00f3 un acuerdo con la empresa Arenera Toma Nueva, de la ciudad de Paran\u00e1.<\/p>\n\n\n\n<p>El reclamo encabezado por el Centro de Patrones y Oficiales Fluviales de Pesca y de Cabotaje Mar\u00edtimo, delegaci\u00f3n Rosario y en conjunto con el Sindicato de Obreros Mar\u00edtimos Unidos Seccional Santa Fe y SICONARA demand\u00f3 seis meses de negociaciones.<\/p>\n\n\n\n<p>Adem\u00e1s, la empresa redujo un 50% del personal en clara actitud de reprimenda y que con este entendimiento los compa\u00f1eros ser\u00e1n restituidos al turno laboral correspondiente.<\/p>\n\n\n\n<p><img loading=\"lazy\" decoding=\"async\" height=\"16\" width=\"16\" alt=\"\ud83d\udde3\ufe0f\" src=\"https:\/\/static.xx.fbcdn.net\/images\/emoji.php\/v9\/tfb\/1\/16\/1f5e3.png\">En ese sentido el delegado de Rosario del Centro de Patrones, Capit\u00e1n N\u00e9stor Larrosa remarc\u00f3 que \u201chemos cerrado un gran acuerdo para remendar el injusto descuento de d\u00edas de descanso de los compa\u00f1eros que eran alcanzados por d\u00edas feriados\u201d.<\/p>\n\n\n\n<p>\u201cAdem\u00e1s de injusto, iba en contra de toda la reglamentaci\u00f3n laboral. Lo bueno es que han entendido el reclamo y la empresa acept\u00f3 recomponer estas jornadas de descanso con dos a\u00f1os de retroactividad\u201d.<\/p>\n\n\n\n<p>Larrosa a\u00f1adi\u00f3 que \u201ctambi\u00e9n logramos que se revierta la remoci\u00f3n de un turno laboral, que se us\u00f3 para castigar este reclamo, y a partir del 1 de marzo volver\u00e1n a trabajar\u201d.<\/p>\n\n\n\n<p>\u201cAgradezco a los gremios hermanos y principalmente la entereza de los tripulantes, que se pusieron al hombro este reclamo\u201d, finaliz\u00f3.<\/p>\n\n\n\n<p>#SomosPatrones<\/p>\n","protected":false},"excerpt":{"rendered":"<p>La empresa no volver\u00e1 a restar d\u00edas francos por feriados y se reintegrar\u00e1 los descontados con 2 a\u00f1os de retroactivo. Luego de seis meses de reclamos, esta tarde se logr\u00f3&hellip; <\/p>\n","protected":false},"author":2,"featured_media":4898,"comment_status":"open","ping_status":"open","sticky":false,"template":"","format":"standard","meta":{"footnotes":""},"categories":[1],"tags":[],"class_list":["post-4897","post","type-post","status-publish","format-standard","has-post-thumbnail","hentry","category-gremial"],"_links":{"self":[{"href":"https:\/\/patronesdecabotaje.org.ar\/noticias\/wp-json\/wp\/v2\/posts\/4897","targetHints":{"allow":["GET"]}}],"collection":[{"href":"https:\/\/patronesdecabotaje.org.ar\/noticias\/wp-json\/wp\/v2\/posts"}],"about":[{"href":"https:\/\/patronesdecabotaje.org.ar\/noticias\/wp-json\/wp\/v2\/types\/post"}],"author":[{"embeddable":true,"href":"https:\/\/patronesdecabotaje.org.ar\/noticias\/wp-json\/wp\/v2\/users\/2"}],"replies":[{"embeddable":true,"href":"https:\/\/patronesdecabotaje.org.ar\/noticias\/wp-json\/wp\/v2\/comments?post=4897"}],"version-history":[{"count":1,"href":"https:\/\/patronesdecabotaje.org.ar\/noticias\/wp-json\/wp\/v2\/posts\/4897\/revisions"}],"predecessor-version":[{"id":4899,"href":"https:\/\/patronesdecabotaje.org.ar\/noticias\/wp-json\/wp\/v2\/posts\/4897\/revisions\/4899"}],"wp:featuredmedia":[{"embeddable":true,"href":"https:\/\/patronesdecabotaje.org.ar\/noticias\/wp-json\/wp\/v2\/media\/4898"}],"wp:attachment":[{"href":"https:\/\/patronesdecabotaje.org.ar\/noticias\/wp-json\/wp\/v2\/media?parent=4897"}],"wp:term":[{"taxonomy":"category","embeddable":true,"href":"https:\/\/patronesdecabotaje.org.ar\/noticias\/wp-json\/wp\/v2\/categories?post=4897"},{"taxonomy":"post_tag","embeddable":true,"href":"https:\/\/patronesdecabotaje.org.ar\/noticias\/wp-json\/wp\/v2\/tags?post=4897"}],"curies":[{"name":"wp","href":"https:\/\/api.w.org\/{rel}","templated":true}]}}