{"id":5485,"date":"2023-10-06T20:14:36","date_gmt":"2023-10-06T20:14:36","guid":{"rendered":"https:\/\/patronesdecabotaje.org.ar\/noticias\/?p=5485"},"modified":"2023-10-06T20:14:36","modified_gmt":"2023-10-06T20:14:36","slug":"laudate-deum-el-grito-del-francisco-para-responder-a-la-crisis-climatica","status":"publish","type":"post","link":"https:\/\/patronesdecabotaje.org.ar\/noticias\/2023\/10\/06\/laudate-deum-el-grito-del-francisco-para-responder-a-la-crisis-climatica\/","title":{"rendered":"\u00abLaudate Deum\u00bb, el grito del Francisco para responder a la crisis clim\u00e1tica."},"content":{"rendered":"\n<p>Se public\u00f3 la exhortaci\u00f3n apost\u00f3lica del Papa que completa la enc\u00edclica Laudato Si del 2015: El llamado a la acci\u00f3n es contundente \u00abno estamos reaccionando lo suficiente, estamos cerca del punto de ruptura\u00bb.<\/p>\n\n\n\n<p><\/p>\n\n\n\n<p><img loading=\"lazy\" decoding=\"async\" height=\"16\" width=\"16\" alt=\"\ud83c\udfed\" src=\"https:\/\/static.xx.fbcdn.net\/images\/emoji.php\/v9\/t2a\/1\/16\/1f3ed.png\">El Papa critica a los negacioncitas: es indudable el origen humano del calentamiento global.<\/p>\n\n\n\n<p><\/p>\n\n\n\n<p><a><\/a><img loading=\"lazy\" decoding=\"async\" height=\"16\" width=\"16\" alt=\"\ud83c\udf31\" src=\"https:\/\/static.xx.fbcdn.net\/images\/emoji.php\/v9\/t69\/1\/16\/1f331.png\">El compromiso con el cuidado de nuestra casa com\u00fan tiene que brotar de los trabajadores e impulsar la acci\u00f3n clim\u00e1tica.<\/p>\n\n\n\n<p>.<\/p>\n\n\n\n<p><a href=\"https:\/\/www.facebook.com\/hashtag\/accionclimatica?__eep__=6&amp;__cft__[0]=AZVOcZQst1E1vp86RZZ-pLB1AZPastqtBac2p5OV29M-6YtrBPb1yCsJsXJGH0tfXN7w7HXOCasryOrABcAaATYl_qcAGYOK7tMQkhotZkFPs96iXXurXLUe8-QVvOjLMV5LfjF8blPHqslJjfM60-gyHPf-sdXCza7InA1o4gxqeGgCSEtaSec4cTYU9WgVA0w&amp;__tn__=*NK-R\">#accionclimatica<\/a><a href=\"https:\/\/www.facebook.com\/hashtag\/transici%C3%B3njusta?__eep__=6&amp;__cft__[0]=AZVOcZQst1E1vp86RZZ-pLB1AZPastqtBac2p5OV29M-6YtrBPb1yCsJsXJGH0tfXN7w7HXOCasryOrABcAaATYl_qcAGYOK7tMQkhotZkFPs96iXXurXLUe8-QVvOjLMV5LfjF8blPHqslJjfM60-gyHPf-sdXCza7InA1o4gxqeGgCSEtaSec4cTYU9WgVA0w&amp;__tn__=*NK-R\">#transici\u00f3njusta<\/a><\/p>\n\n\n\n<p><a href=\"https:\/\/www.vaticannews.va\/es\/papa\/news\/2023-10\/laudate-deum-exhortacion-apostolica-crisis-climatica-francisco.html\">https:\/\/www.vaticannews.va\/es\/papa\/news\/2023-10\/laudate-deum-exhortacion-apostolica-crisis-climatica-francisco.html<\/a><\/p>\n","protected":false},"excerpt":{"rendered":"<p>Se public\u00f3 la exhortaci\u00f3n apost\u00f3lica del Papa que completa la enc\u00edclica Laudato Si del 2015: El llamado a la acci\u00f3n es contundente \u00abno estamos reaccionando lo suficiente, estamos cerca del&hellip; <\/p>\n","protected":false},"author":2,"featured_media":5486,"comment_status":"open","ping_status":"open","sticky":false,"template":"","format":"standard","meta":{"footnotes":""},"categories":[2,8],"tags":[],"class_list":["post-5485","post","type-post","status-publish","format-standard","has-post-thumbnail","hentry","category-noticias","category-accion-climatica"],"_links":{"self":[{"href":"https:\/\/patronesdecabotaje.org.ar\/noticias\/wp-json\/wp\/v2\/posts\/5485","targetHints":{"allow":["GET"]}}],"collection":[{"href":"https:\/\/patronesdecabotaje.org.ar\/noticias\/wp-json\/wp\/v2\/posts"}],"about":[{"href":"https:\/\/patronesdecabotaje.org.ar\/noticias\/wp-json\/wp\/v2\/types\/post"}],"author":[{"embeddable":true,"href":"https:\/\/patronesdecabotaje.org.ar\/noticias\/wp-json\/wp\/v2\/users\/2"}],"replies":[{"embeddable":true,"href":"https:\/\/patronesdecabotaje.org.ar\/noticias\/wp-json\/wp\/v2\/comments?post=5485"}],"version-history":[{"count":1,"href":"https:\/\/patronesdecabotaje.org.ar\/noticias\/wp-json\/wp\/v2\/posts\/5485\/revisions"}],"predecessor-version":[{"id":5487,"href":"https:\/\/patronesdecabotaje.org.ar\/noticias\/wp-json\/wp\/v2\/posts\/5485\/revisions\/5487"}],"wp:featuredmedia":[{"embeddable":true,"href":"https:\/\/patronesdecabotaje.org.ar\/noticias\/wp-json\/wp\/v2\/media\/5486"}],"wp:attachment":[{"href":"https:\/\/patronesdecabotaje.org.ar\/noticias\/wp-json\/wp\/v2\/media?parent=5485"}],"wp:term":[{"taxonomy":"category","embeddable":true,"href":"https:\/\/patronesdecabotaje.org.ar\/noticias\/wp-json\/wp\/v2\/categories?post=5485"},{"taxonomy":"post_tag","embeddable":true,"href":"https:\/\/patronesdecabotaje.org.ar\/noticias\/wp-json\/wp\/v2\/tags?post=5485"}],"curies":[{"name":"wp","href":"https:\/\/api.w.org\/{rel}","templated":true}]}}