{"id":6136,"date":"2024-09-16T14:58:04","date_gmt":"2024-09-16T14:58:04","guid":{"rendered":"https:\/\/patronesdecabotaje.org.ar\/noticias\/?p=6136"},"modified":"2024-09-18T16:42:20","modified_gmt":"2024-09-18T16:42:20","slug":"en-la-delegacion-necochea-se-llevo-a-cabo-el-curso-de-formacion-transicion-justa-y-cambio-climatico-organizado-por-el-centro-de-patrones-y-oficiales-fluviales-de-pesca-y-de-cabotaje","status":"publish","type":"post","link":"https:\/\/patronesdecabotaje.org.ar\/noticias\/2024\/09\/16\/en-la-delegacion-necochea-se-llevo-a-cabo-el-curso-de-formacion-transicion-justa-y-cambio-climatico-organizado-por-el-centro-de-patrones-y-oficiales-fluviales-de-pesca-y-de-cabotaje\/","title":{"rendered":"En la Delegaci\u00f3n Necochea se llev\u00f3 a cabo el curso de formaci\u00f3n \u201cTransici\u00f3n Justa y Cambio Clim\u00e1tico\u201d organizado por el Centro de Patrones y Oficiales Fluviales, de Pesca y de Cabotaje Mar\u00edtimo.\u00a0"},"content":{"rendered":"\n<p>Este evento, apoyado y aprobado por\u00a0<a href=\"https:\/\/www.instagram.com\/itf.americas\/\">@itf.americas<\/a>, tuvo como objetivo capacitar a los trabajadores del sector en la crisis clim\u00e1tica y la transici\u00f3n justa. \ud83c\udf31\u2063\u2063<br>\u2063<br>\ud83c\udf0a El curso es parte del programa de fortalecimiento sindical en la navegaci\u00f3n interior, enfoc\u00e1ndose en los efectos del cambio clim\u00e1tico y las oportunidades para el sector.\u2063\u2063<br>\u2063<br>\u2693\ufe0f Contamos con la presencia del Delegado de C\u00e9sar Sironi, el coordinador regional de Navegaci\u00f3n Interior de ITF, Ariel Sud\u00e1n, y el especialista de la Oficina de Acci\u00f3n Clim\u00e1tica del Centro de Patrones, Juan Casavelos.\u2063<\/p>\n\n\n\n<figure class=\"wp-block-gallery has-nested-images columns-default is-cropped wp-block-gallery-1 is-layout-flex wp-block-gallery-is-layout-flex\">\n<figure class=\"wp-block-image size-large\"><img loading=\"lazy\" decoding=\"async\" width=\"786\" height=\"1024\" data-id=\"6141\" src=\"https:\/\/patronesdecabotaje.org.ar\/noticias\/wp-content\/uploads\/2024\/09\/WhatsApp-Image-2024-09-18-at-11.57.38-1-786x1024.jpeg\" alt=\"\" class=\"wp-image-6141\" srcset=\"https:\/\/patronesdecabotaje.org.ar\/noticias\/wp-content\/uploads\/2024\/09\/WhatsApp-Image-2024-09-18-at-11.57.38-1-786x1024.jpeg 786w, https:\/\/patronesdecabotaje.org.ar\/noticias\/wp-content\/uploads\/2024\/09\/WhatsApp-Image-2024-09-18-at-11.57.38-1-230x300.jpeg 230w, https:\/\/patronesdecabotaje.org.ar\/noticias\/wp-content\/uploads\/2024\/09\/WhatsApp-Image-2024-09-18-at-11.57.38-1-768x1000.jpeg 768w, https:\/\/patronesdecabotaje.org.ar\/noticias\/wp-content\/uploads\/2024\/09\/WhatsApp-Image-2024-09-18-at-11.57.38-1.jpeg 900w\" sizes=\"auto, (max-width: 786px) 100vw, 786px\" \/><\/figure>\n<\/figure>\n\n\n\n<p><br>\u2063<br>\ud83c\udf0d Este proyecto sigue siendo un hito al documentar las experiencias y testimonios de los trabajadores sobre los impactos del cambio clim\u00e1tico, permitiendo enriquecer el aprendizaje y contribuir a estrategias de mitigaci\u00f3n a nivel nacional.\u2063\u2063<br>\u2063<br><a href=\"https:\/\/www.instagram.com\/explore\/tags\/somospatrones\/\">#SomosPatrones<\/a>\u00a0<a href=\"https:\/\/www.instagram.com\/explore\/tags\/acci%C3%B3nclim%C3%A1tica\/\">#Acci\u00f3nClim\u00e1tica<\/a>\u00a0<a href=\"https:\/\/www.instagram.com\/explore\/tags\/puertosanmart%C3%ADn\/\">#PuertoSanMart\u00edn<\/a>\u00a0<a href=\"https:\/\/www.instagram.com\/explore\/tags\/transici%C3%B3njusta\/\">#Transici\u00f3nJusta<\/a><\/p>\n","protected":false},"excerpt":{"rendered":"<p>Este evento, apoyado y aprobado por\u00a0@itf.americas, tuvo como objetivo capacitar a los trabajadores del sector en la crisis clim\u00e1tica y la transici\u00f3n justa. \ud83c\udf31\u2063\u2063\u2063\ud83c\udf0a El curso es parte del programa&hellip; <\/p>\n","protected":false},"author":2,"featured_media":6138,"comment_status":"open","ping_status":"open","sticky":false,"template":"","format":"standard","meta":{"footnotes":""},"categories":[8],"tags":[],"class_list":["post-6136","post","type-post","status-publish","format-standard","has-post-thumbnail","hentry","category-accion-climatica"],"_links":{"self":[{"href":"https:\/\/patronesdecabotaje.org.ar\/noticias\/wp-json\/wp\/v2\/posts\/6136","targetHints":{"allow":["GET"]}}],"collection":[{"href":"https:\/\/patronesdecabotaje.org.ar\/noticias\/wp-json\/wp\/v2\/posts"}],"about":[{"href":"https:\/\/patronesdecabotaje.org.ar\/noticias\/wp-json\/wp\/v2\/types\/post"}],"author":[{"embeddable":true,"href":"https:\/\/patronesdecabotaje.org.ar\/noticias\/wp-json\/wp\/v2\/users\/2"}],"replies":[{"embeddable":true,"href":"https:\/\/patronesdecabotaje.org.ar\/noticias\/wp-json\/wp\/v2\/comments?post=6136"}],"version-history":[{"count":2,"href":"https:\/\/patronesdecabotaje.org.ar\/noticias\/wp-json\/wp\/v2\/posts\/6136\/revisions"}],"predecessor-version":[{"id":6143,"href":"https:\/\/patronesdecabotaje.org.ar\/noticias\/wp-json\/wp\/v2\/posts\/6136\/revisions\/6143"}],"wp:featuredmedia":[{"embeddable":true,"href":"https:\/\/patronesdecabotaje.org.ar\/noticias\/wp-json\/wp\/v2\/media\/6138"}],"wp:attachment":[{"href":"https:\/\/patronesdecabotaje.org.ar\/noticias\/wp-json\/wp\/v2\/media?parent=6136"}],"wp:term":[{"taxonomy":"category","embeddable":true,"href":"https:\/\/patronesdecabotaje.org.ar\/noticias\/wp-json\/wp\/v2\/categories?post=6136"},{"taxonomy":"post_tag","embeddable":true,"href":"https:\/\/patronesdecabotaje.org.ar\/noticias\/wp-json\/wp\/v2\/tags?post=6136"}],"curies":[{"name":"wp","href":"https:\/\/api.w.org\/{rel}","templated":true}]}}