{"id":6480,"date":"2025-01-24T18:25:21","date_gmt":"2025-01-24T18:25:21","guid":{"rendered":"https:\/\/patronesdecabotaje.org.ar\/noticias\/?p=6480"},"modified":"2025-01-27T18:26:00","modified_gmt":"2025-01-27T18:26:00","slug":"desde-el-centro-de-patrones-y-oficiales-fluviales-de-pesca-y-de-cabotaje-maritimo-expresamos-nuestro-mas-firme-rechazo-y-profunda-preocupacion-por-las-declaraciones-del-presidente-javier-milei","status":"publish","type":"post","link":"https:\/\/patronesdecabotaje.org.ar\/noticias\/2025\/01\/24\/desde-el-centro-de-patrones-y-oficiales-fluviales-de-pesca-y-de-cabotaje-maritimo-expresamos-nuestro-mas-firme-rechazo-y-profunda-preocupacion-por-las-declaraciones-del-presidente-javier-milei\/","title":{"rendered":"\u00a0Desde el Centro de Patrones y Oficiales Fluviales, de Pesca y de Cabotaje Mar\u00edtimo, expresamos nuestro m\u00e1s firme rechazo y profunda preocupaci\u00f3n por las declaraciones del Presidente Javier Milei respecto a los derechos de las Mujeres y la Diversidad."},"content":{"rendered":"\n<p>Estas afirmaciones desvalorizan la gravedad de problem\u00e1ticas como la Violencia de G\u00e9nero y los Femicidios, realidades que requieren un compromiso serio y acciones concretas. Negar estas cuestiones perpet\u00faa la cultura de impunidad y el silencio, generando a\u00fan m\u00e1s violencia.<\/p>\n\n\n\n<p>\ud83c\udf0e Es fundamental seguir trabajando juntos para erradicar todo tipo de violencia, proteger los Derechos Humanos y construir una sociedad que priorice la vida y la dignidad de todas las personas.<\/p>\n\n\n<div class=\"wp-block-image\">\n<figure class=\"aligncenter size-large is-resized\"><img loading=\"lazy\" decoding=\"async\" width=\"576\" height=\"1024\" src=\"https:\/\/patronesdecabotaje.org.ar\/noticias\/wp-content\/uploads\/2025\/01\/WhatsApp-Image-2025-01-24-at-18.11.33-576x1024.jpeg\" alt=\"\" class=\"wp-image-6482\" style=\"width:451px;height:auto\" srcset=\"https:\/\/patronesdecabotaje.org.ar\/noticias\/wp-content\/uploads\/2025\/01\/WhatsApp-Image-2025-01-24-at-18.11.33-576x1024.jpeg 576w, https:\/\/patronesdecabotaje.org.ar\/noticias\/wp-content\/uploads\/2025\/01\/WhatsApp-Image-2025-01-24-at-18.11.33-169x300.jpeg 169w, https:\/\/patronesdecabotaje.org.ar\/noticias\/wp-content\/uploads\/2025\/01\/WhatsApp-Image-2025-01-24-at-18.11.33-768x1365.jpeg 768w, https:\/\/patronesdecabotaje.org.ar\/noticias\/wp-content\/uploads\/2025\/01\/WhatsApp-Image-2025-01-24-at-18.11.33-864x1536.jpeg 864w, https:\/\/patronesdecabotaje.org.ar\/noticias\/wp-content\/uploads\/2025\/01\/WhatsApp-Image-2025-01-24-at-18.11.33.jpeg 900w\" sizes=\"auto, (max-width: 576px) 100vw, 576px\" \/><\/figure>\n<\/div>\n\n\n<p>\ud83d\udcdc Reiteramos nuestro compromiso con esta lucha y exigimos el pleno cumplimiento de los derechos consagrados en nuestra Constituci\u00f3n:<br>&#8211; Derecho al Trabajo Digno.<br>&#8211; Derecho de los Jubilados a un Ingreso Decente.<br>&#8211; Derecho a la Salud y a la Educaci\u00f3n P\u00fablica.<br>&#8211; Derecho a un Ambiente Limpio, Sano y Sustentable.<\/p>\n\n\n\n<p>\ud83d\udcaa Continuaremos defendiendo los derechos de todos\/as, promoviendo el di\u00e1logo constructivo y un camino hacia la igualdad.<\/p>\n\n\n\n<p><a href=\"https:\/\/www.instagram.com\/explore\/tags\/derechoshumanos\/\">#DerechosHumanos<\/a><a href=\"https:\/\/www.instagram.com\/explore\/tags\/noalaviolenciadeg%C3%A9nero\/\">#NoALaViolenciaDeG\u00e9nero<\/a><a href=\"https:\/\/www.instagram.com\/explore\/tags\/compromisoporlaigualdad\/\">#CompromisoPorLaIgualdad<\/a><a href=\"https:\/\/www.instagram.com\/explore\/tags\/centrodepatrones\/\">#CentroDePatrones<\/a><a href=\"https:\/\/www.instagram.com\/explore\/tags\/somospatrones\/\">#SomosPatrones<\/a><a href=\"https:\/\/www.instagram.com\/explore\/tags\/argentina\/\">#Argentina<\/a><\/p>\n","protected":false},"excerpt":{"rendered":"<p>Estas afirmaciones desvalorizan la gravedad de problem\u00e1ticas como la Violencia de G\u00e9nero y los Femicidios, realidades que requieren un compromiso serio y acciones concretas. Negar estas cuestiones perpet\u00faa la cultura&hellip; <\/p>\n","protected":false},"author":2,"featured_media":6481,"comment_status":"open","ping_status":"open","sticky":false,"template":"","format":"standard","meta":{"footnotes":""},"categories":[9,2],"tags":[],"class_list":["post-6480","post","type-post","status-publish","format-standard","has-post-thumbnail","hentry","category-igualdad-de-oportunidades-y-genero","category-noticias"],"_links":{"self":[{"href":"https:\/\/patronesdecabotaje.org.ar\/noticias\/wp-json\/wp\/v2\/posts\/6480","targetHints":{"allow":["GET"]}}],"collection":[{"href":"https:\/\/patronesdecabotaje.org.ar\/noticias\/wp-json\/wp\/v2\/posts"}],"about":[{"href":"https:\/\/patronesdecabotaje.org.ar\/noticias\/wp-json\/wp\/v2\/types\/post"}],"author":[{"embeddable":true,"href":"https:\/\/patronesdecabotaje.org.ar\/noticias\/wp-json\/wp\/v2\/users\/2"}],"replies":[{"embeddable":true,"href":"https:\/\/patronesdecabotaje.org.ar\/noticias\/wp-json\/wp\/v2\/comments?post=6480"}],"version-history":[{"count":1,"href":"https:\/\/patronesdecabotaje.org.ar\/noticias\/wp-json\/wp\/v2\/posts\/6480\/revisions"}],"predecessor-version":[{"id":6483,"href":"https:\/\/patronesdecabotaje.org.ar\/noticias\/wp-json\/wp\/v2\/posts\/6480\/revisions\/6483"}],"wp:featuredmedia":[{"embeddable":true,"href":"https:\/\/patronesdecabotaje.org.ar\/noticias\/wp-json\/wp\/v2\/media\/6481"}],"wp:attachment":[{"href":"https:\/\/patronesdecabotaje.org.ar\/noticias\/wp-json\/wp\/v2\/media?parent=6480"}],"wp:term":[{"taxonomy":"category","embeddable":true,"href":"https:\/\/patronesdecabotaje.org.ar\/noticias\/wp-json\/wp\/v2\/categories?post=6480"},{"taxonomy":"post_tag","embeddable":true,"href":"https:\/\/patronesdecabotaje.org.ar\/noticias\/wp-json\/wp\/v2\/tags?post=6480"}],"curies":[{"name":"wp","href":"https:\/\/api.w.org\/{rel}","templated":true}]}}