{"id":6658,"date":"2025-04-09T14:59:54","date_gmt":"2025-04-09T14:59:54","guid":{"rendered":"https:\/\/patronesdecabotaje.org.ar\/noticias\/?p=6658"},"modified":"2025-04-14T15:01:16","modified_gmt":"2025-04-14T15:01:16","slug":"convocatoria-asamblea-general-ordinaria","status":"publish","type":"post","link":"https:\/\/patronesdecabotaje.org.ar\/noticias\/2025\/04\/09\/convocatoria-asamblea-general-ordinaria\/","title":{"rendered":"Convocatoria Asamblea General Ordinaria"},"content":{"rendered":"\n<p>El Centro de Patrones y Oficiales Fluviales, de Pesca y de Cabotaje Mar\u00edtimo convoca a todos sus afiliados a participar de la Asamblea General Ordinaria.<\/p>\n\n\n\n<p>\ud83d\uddd3 Fecha: 30 de abril de 2025<br>\ud83d\udd5b Hora: 12:00 hs<br>\ud83d\udccd Lugar: Av. Manuel Montes de Oca 1731, C.A.B.A.<\/p>\n\n\n\n<p>Orden del D\u00eda: 1\ufe0f\u20e3 Designaci\u00f3n de un afiliado para presidir la Asamblea.<br>2\ufe0f\u20e3 Designaci\u00f3n de dos afiliados para suscribir el acta.<br>3\ufe0f\u20e3 Informe, puesta a consideraci\u00f3n y aprobaci\u00f3n de la Memoria y Balance del Ejercicio Econ\u00f3mico N\u00ba66 (01\/01\/2024 al 31\/12\/2024).<br>4\ufe0f\u20e3 Elecci\u00f3n de tres miembros titulares y tres suplentes para la Comisi\u00f3n Revisora de Cuentas.<\/p>\n\n\n\n<p>\u00a1Contamos con tu participaci\u00f3n activa para seguir fortaleciendo nuestra organizaci\u00f3n!<\/p>\n\n\n\n<p>\u270d\ud83c\udffc Mariano Moreno &#8211; Secretario General<\/p>\n","protected":false},"excerpt":{"rendered":"<p>El Centro de Patrones y Oficiales Fluviales, de Pesca y de Cabotaje Mar\u00edtimo convoca a todos sus afiliados a participar de la Asamblea General Ordinaria. \ud83d\uddd3 Fecha: 30 de abril&hellip; <\/p>\n","protected":false},"author":2,"featured_media":6659,"comment_status":"open","ping_status":"open","sticky":false,"template":"","format":"standard","meta":{"footnotes":""},"categories":[16],"tags":[],"class_list":["post-6658","post","type-post","status-publish","format-standard","has-post-thumbnail","hentry","category-asambleas-ordinarias-extraordinarias"],"_links":{"self":[{"href":"https:\/\/patronesdecabotaje.org.ar\/noticias\/wp-json\/wp\/v2\/posts\/6658","targetHints":{"allow":["GET"]}}],"collection":[{"href":"https:\/\/patronesdecabotaje.org.ar\/noticias\/wp-json\/wp\/v2\/posts"}],"about":[{"href":"https:\/\/patronesdecabotaje.org.ar\/noticias\/wp-json\/wp\/v2\/types\/post"}],"author":[{"embeddable":true,"href":"https:\/\/patronesdecabotaje.org.ar\/noticias\/wp-json\/wp\/v2\/users\/2"}],"replies":[{"embeddable":true,"href":"https:\/\/patronesdecabotaje.org.ar\/noticias\/wp-json\/wp\/v2\/comments?post=6658"}],"version-history":[{"count":1,"href":"https:\/\/patronesdecabotaje.org.ar\/noticias\/wp-json\/wp\/v2\/posts\/6658\/revisions"}],"predecessor-version":[{"id":6660,"href":"https:\/\/patronesdecabotaje.org.ar\/noticias\/wp-json\/wp\/v2\/posts\/6658\/revisions\/6660"}],"wp:featuredmedia":[{"embeddable":true,"href":"https:\/\/patronesdecabotaje.org.ar\/noticias\/wp-json\/wp\/v2\/media\/6659"}],"wp:attachment":[{"href":"https:\/\/patronesdecabotaje.org.ar\/noticias\/wp-json\/wp\/v2\/media?parent=6658"}],"wp:term":[{"taxonomy":"category","embeddable":true,"href":"https:\/\/patronesdecabotaje.org.ar\/noticias\/wp-json\/wp\/v2\/categories?post=6658"},{"taxonomy":"post_tag","embeddable":true,"href":"https:\/\/patronesdecabotaje.org.ar\/noticias\/wp-json\/wp\/v2\/tags?post=6658"}],"curies":[{"name":"wp","href":"https:\/\/api.w.org\/{rel}","templated":true}]}}