{"id":6664,"date":"2025-04-15T13:48:57","date_gmt":"2025-04-15T13:48:57","guid":{"rendered":"https:\/\/patronesdecabotaje.org.ar\/noticias\/?p=6664"},"modified":"2025-04-16T13:51:37","modified_gmt":"2025-04-16T13:51:37","slug":"nuestro-representante-en-itf-ariel-sudan-estuvo-presente-en-la-comision-economica-para-america-y-el-caribe-cepal","status":"publish","type":"post","link":"https:\/\/patronesdecabotaje.org.ar\/noticias\/2025\/04\/15\/nuestro-representante-en-itf-ariel-sudan-estuvo-presente-en-la-comision-economica-para-america-y-el-caribe-cepal\/","title":{"rendered":"Nuestro representante en ITF, Ariel Sud\u00e1n estuvo presente en la Comisi\u00f3n Econ\u00f3mica para Am\u00e9rica y el Caribe (CEPAL)"},"content":{"rendered":"\n<p>\ud83c\udf0e\ud83d\udcac Ariel Sud\u00e1n, en representaci\u00f3n del Frente Sindical de Acci\u00f3n Clim\u00e1tica y del Centro de Patrones, particip\u00f3 de la conferencia organizada por la CEPAL (Comisi\u00f3n Econ\u00f3mica para Am\u00e9rica Latina y el Caribe).<\/p>\n\n\n\n<p>All\u00ed se compartieron diagn\u00f3sticos, investigaciones y propuestas desarrolladas por el Grupo de Justicia Ambiental, Ecol\u00f3gica y Clim\u00e1tica del Mecanismo de Participaci\u00f3n de la Sociedad Civil, destacando el cruce entre el ODS 13 (Acci\u00f3n por el clima), el ODS 14 (Vida submarina) y la perspectiva del ODS 5 (Igualdad de g\u00e9nero).<\/p>\n\n\n\n<p><a href=\"https:\/\/www.facebook.com\/share\/p\/158zrsi9UG\">https:\/\/www.facebook.com\/share\/p\/158zrsi9UG<\/a><\/p>\n\n\n\n<p>\ud83c\udf31 En este espacio se promovi\u00f3 el di\u00e1logo con agencias de la ONU, gobiernos y organizaciones sociales para avanzar juntos en el cumplimiento de la Agenda 2030.<\/p>\n\n\n\n<p>\ud83d\udc49\ud83c\udffc En este post te compartimos qu\u00e9 nos dej\u00f3 su intervenci\u00f3n y por qu\u00e9 es fundamental seguir construyendo una agenda sindical con perspectiva clim\u00e1tica.<\/p>\n\n\n\n<p><a href=\"https:\/\/www.instagram.com\/explore\/tags\/acci%C3%B3nclim%C3%A1tica\/\">#Acci\u00f3nClim\u00e1tica<\/a><a href=\"https:\/\/www.instagram.com\/explore\/tags\/ods13\/\">#ODS13<\/a><a href=\"https:\/\/www.instagram.com\/explore\/tags\/ods14\/\">#ODS14<\/a><a href=\"https:\/\/www.instagram.com\/explore\/tags\/ods5\/\">#ODS5<\/a><a href=\"https:\/\/www.instagram.com\/explore\/tags\/justiciaclim%C3%A1tica\/\">#JusticiaClim\u00e1tica<\/a><a href=\"https:\/\/www.instagram.com\/explore\/tags\/sindicalismo\/\">#Sindicalismo<\/a><a href=\"https:\/\/www.instagram.com\/explore\/tags\/frentesindical\/\">#FrenteSindical<\/a><a href=\"https:\/\/www.instagram.com\/explore\/tags\/cepal\/\">#CEPAL<\/a><a href=\"https:\/\/www.instagram.com\/explore\/tags\/pescasostenible\/\">#PescaSostenible<\/a><a href=\"https:\/\/www.instagram.com\/explore\/tags\/agenda2030\/\">#Agenda2030<\/a><a href=\"https:\/\/www.instagram.com\/explore\/tags\/sindicatodepatrones\/\">#SindicatoDePatrones<\/a><\/p>\n","protected":false},"excerpt":{"rendered":"<p>\ud83c\udf0e\ud83d\udcac Ariel Sud\u00e1n, en representaci\u00f3n del Frente Sindical de Acci\u00f3n Clim\u00e1tica y del Centro de Patrones, particip\u00f3 de la conferencia organizada por la CEPAL (Comisi\u00f3n Econ\u00f3mica para Am\u00e9rica Latina y&hellip; <\/p>\n","protected":false},"author":2,"featured_media":6665,"comment_status":"open","ping_status":"open","sticky":false,"template":"","format":"standard","meta":{"footnotes":""},"categories":[11,8],"tags":[],"class_list":["post-6664","post","type-post","status-publish","format-standard","has-post-thumbnail","hentry","category-itf","category-accion-climatica"],"_links":{"self":[{"href":"https:\/\/patronesdecabotaje.org.ar\/noticias\/wp-json\/wp\/v2\/posts\/6664","targetHints":{"allow":["GET"]}}],"collection":[{"href":"https:\/\/patronesdecabotaje.org.ar\/noticias\/wp-json\/wp\/v2\/posts"}],"about":[{"href":"https:\/\/patronesdecabotaje.org.ar\/noticias\/wp-json\/wp\/v2\/types\/post"}],"author":[{"embeddable":true,"href":"https:\/\/patronesdecabotaje.org.ar\/noticias\/wp-json\/wp\/v2\/users\/2"}],"replies":[{"embeddable":true,"href":"https:\/\/patronesdecabotaje.org.ar\/noticias\/wp-json\/wp\/v2\/comments?post=6664"}],"version-history":[{"count":2,"href":"https:\/\/patronesdecabotaje.org.ar\/noticias\/wp-json\/wp\/v2\/posts\/6664\/revisions"}],"predecessor-version":[{"id":6668,"href":"https:\/\/patronesdecabotaje.org.ar\/noticias\/wp-json\/wp\/v2\/posts\/6664\/revisions\/6668"}],"wp:featuredmedia":[{"embeddable":true,"href":"https:\/\/patronesdecabotaje.org.ar\/noticias\/wp-json\/wp\/v2\/media\/6665"}],"wp:attachment":[{"href":"https:\/\/patronesdecabotaje.org.ar\/noticias\/wp-json\/wp\/v2\/media?parent=6664"}],"wp:term":[{"taxonomy":"category","embeddable":true,"href":"https:\/\/patronesdecabotaje.org.ar\/noticias\/wp-json\/wp\/v2\/categories?post=6664"},{"taxonomy":"post_tag","embeddable":true,"href":"https:\/\/patronesdecabotaje.org.ar\/noticias\/wp-json\/wp\/v2\/tags?post=6664"}],"curies":[{"name":"wp","href":"https:\/\/api.w.org\/{rel}","templated":true}]}}