{"id":6873,"date":"2025-06-23T15:35:10","date_gmt":"2025-06-23T15:35:10","guid":{"rendered":"https:\/\/patronesdecabotaje.org.ar\/noticias\/?p=6873"},"modified":"2025-06-24T16:33:34","modified_gmt":"2025-06-24T16:33:34","slug":"el-centro-de-patrones-convoca-a-movilizar-por-la-soberania-el-trabajo-y-el-salario-digno","status":"publish","type":"post","link":"https:\/\/patronesdecabotaje.org.ar\/noticias\/2025\/06\/23\/el-centro-de-patrones-convoca-a-movilizar-por-la-soberania-el-trabajo-y-el-salario-digno\/","title":{"rendered":"El Centro de Patrones convoca a movilizar por la Soberan\u00eda, el Trabajo y el Salario Digno"},"content":{"rendered":"\n<p>El Centro de Patrones y Oficiales Fluviales, de Pesca y de Cabotaje Mar\u00edtimo convoca a todas y todos los compa\u00f1eros afiliados a movilizarse este martes 25 de junio, en el marco de la jornada nacional de lucha organizada por la CATT (Confederaci\u00f3n Argentina de Trabajadores del Transporte) y el conjunto de gremios y organizaciones sociales que conforman el Frente de Lucha por la Soberan\u00eda, el Trabajo Digno y los Salarios Justos.<\/p>\n\n\n\n<p>La movilizaci\u00f3n se concentrar\u00e1 frente a las oficinas del Ministerio de Desregulaci\u00f3n y Transformaci\u00f3n del Estado, encabezado por Federico Sturzenegger, para rechazar las pol\u00edticas de desregulaci\u00f3n, flexibilizaci\u00f3n y entrega promovidas por el gobierno nacional.<\/p>\n\n\n\n<p>Cada una de las medidas tomadas por esta gesti\u00f3n \u2013m\u00e1s all\u00e1 del sector al que se pertenezca\u2013 ha sido un verdadero disparo en el pecho de cada trabajador y trabajadora de nuestro pa\u00eds.<\/p>\n\n\n\n<p>Desde el Centro de Patrones afirmamos que de esta situaci\u00f3n no se sale en soledad. Es necesario el compromiso y la participaci\u00f3n activa de todos y todas. Este 25 de junio es un punto de inflexi\u00f3n, un primer paso fundamental para ponerle l\u00edmites a un plan sistem\u00e1tico de destrucci\u00f3n del entramado productivo, social y laboral argentino.<\/p>\n\n\n\n<p>Marchamos por la defensa de la soberan\u00eda en todas sus dimensiones: la soberan\u00eda territorial, pero tambi\u00e9n la econ\u00f3mica, la cultural, la educativa y, por supuesto, la sanitaria.<\/p>\n\n\n\n<p>Con la Resoluci\u00f3n N\u00b0 1\/25 del Ministerio de Salud, el gobierno puso en jaque a todo el sistema solidario de salud al desfinanciar ilegalmente a las obras sociales sindicales, empuj\u00e1ndolas al colapso y luego exigiendo cumplimiento de obligaciones que el propio Estado impide cumplir.<\/p>\n\n\n\n<p>El Decreto 37\/25 denigra la labor profesional de quienes garantizan la navegaci\u00f3n segura en nuestras aguas, y precariza las condiciones de seguridad en beneficio de intereses externos.<\/p>\n\n\n\n<p>El Decreto 340\/25 representa la entrega de nuestra soberan\u00eda comercial, mar\u00edtima y fluvial, al habilitar el ingreso irrestricto de buques con bandera extranjera y tripulaci\u00f3n extranjera, en condiciones laborales regresivas.<\/p>\n\n\n\n<p>Por todo esto, el Centro de Patrones llama a poner el cuerpo, la voz y el coraz\u00f3n en una protesta leg\u00edtima y urgente. Movilizarnos es defender nuestro derecho a un trabajo digno, a un salario justo, a una vida con futuro, y a una Naci\u00f3n soberana.<\/p>\n","protected":false},"excerpt":{"rendered":"<p>El Centro de Patrones y Oficiales Fluviales, de Pesca y de Cabotaje Mar\u00edtimo convoca a todas y todos los compa\u00f1eros afiliados a movilizarse este martes 25 de junio, en el&hellip; <\/p>\n","protected":false},"author":2,"featured_media":6874,"comment_status":"open","ping_status":"open","sticky":false,"template":"","format":"standard","meta":{"footnotes":""},"categories":[13,2],"tags":[],"class_list":["post-6873","post","type-post","status-publish","format-standard","has-post-thumbnail","hentry","category-catt","category-noticias"],"_links":{"self":[{"href":"https:\/\/patronesdecabotaje.org.ar\/noticias\/wp-json\/wp\/v2\/posts\/6873","targetHints":{"allow":["GET"]}}],"collection":[{"href":"https:\/\/patronesdecabotaje.org.ar\/noticias\/wp-json\/wp\/v2\/posts"}],"about":[{"href":"https:\/\/patronesdecabotaje.org.ar\/noticias\/wp-json\/wp\/v2\/types\/post"}],"author":[{"embeddable":true,"href":"https:\/\/patronesdecabotaje.org.ar\/noticias\/wp-json\/wp\/v2\/users\/2"}],"replies":[{"embeddable":true,"href":"https:\/\/patronesdecabotaje.org.ar\/noticias\/wp-json\/wp\/v2\/comments?post=6873"}],"version-history":[{"count":1,"href":"https:\/\/patronesdecabotaje.org.ar\/noticias\/wp-json\/wp\/v2\/posts\/6873\/revisions"}],"predecessor-version":[{"id":6875,"href":"https:\/\/patronesdecabotaje.org.ar\/noticias\/wp-json\/wp\/v2\/posts\/6873\/revisions\/6875"}],"wp:featuredmedia":[{"embeddable":true,"href":"https:\/\/patronesdecabotaje.org.ar\/noticias\/wp-json\/wp\/v2\/media\/6874"}],"wp:attachment":[{"href":"https:\/\/patronesdecabotaje.org.ar\/noticias\/wp-json\/wp\/v2\/media?parent=6873"}],"wp:term":[{"taxonomy":"category","embeddable":true,"href":"https:\/\/patronesdecabotaje.org.ar\/noticias\/wp-json\/wp\/v2\/categories?post=6873"},{"taxonomy":"post_tag","embeddable":true,"href":"https:\/\/patronesdecabotaje.org.ar\/noticias\/wp-json\/wp\/v2\/tags?post=6873"}],"curies":[{"name":"wp","href":"https:\/\/api.w.org\/{rel}","templated":true}]}}